{"id":254,"date":"2024-04-25T22:28:47","date_gmt":"2024-04-25T20:28:47","guid":{"rendered":"https:\/\/atlasdesparisiens.fr\/?p=254"},"modified":"2025-09-24T23:20:51","modified_gmt":"2025-09-24T21:20:51","slug":"le-rer-e-part-a-louest","status":"publish","type":"post","link":"https:\/\/atlasdesparisiens.fr\/index.php\/2024\/04\/25\/le-rer-e-part-a-louest\/","title":{"rendered":"Le RER E part \u00e0 l&rsquo;Ouest"},"content":{"rendered":"\n<p>6 mai 2024, apr\u00e8s de longues ann\u00e9es de travaux, et juste \u00e0 temps pour les Jeux Olympiques de Paris 2024, le RER E s&rsquo;offre 3 nouvelles stations en direction de l&rsquo;Ouest. Pour Mantes-la-Jolie, la patience est de rigueur.<\/p>\n\n\n\n<figure class=\"wp-block-image size-large\"><img loading=\"lazy\" decoding=\"async\" width=\"1024\" height=\"528\" src=\"http:\/\/atlasdesparisiens.fr\/wp-content\/uploads\/2024\/04\/RER_E_Prolongation_Ouest-1024x528.png\" alt=\"Plan de la ligne du RER E avec date d'ouverture des tron\u00e7ons et prolongation vers l'ouest.\" class=\"wp-image-253\" srcset=\"https:\/\/atlasdesparisiens.fr\/wp-content\/uploads\/2024\/04\/RER_E_Prolongation_Ouest-1024x528.png 1024w, https:\/\/atlasdesparisiens.fr\/wp-content\/uploads\/2024\/04\/RER_E_Prolongation_Ouest-300x155.png 300w, https:\/\/atlasdesparisiens.fr\/wp-content\/uploads\/2024\/04\/RER_E_Prolongation_Ouest-768x396.png 768w, https:\/\/atlasdesparisiens.fr\/wp-content\/uploads\/2024\/04\/RER_E_Prolongation_Ouest-1536x792.png 1536w, https:\/\/atlasdesparisiens.fr\/wp-content\/uploads\/2024\/04\/RER_E_Prolongation_Ouest-2048x1055.png 2048w\" sizes=\"auto, (max-width: 1024px) 100vw, 1024px\" \/><\/figure>\n\n\n\n<p>Pour nous contacter : <a href=\"mailto:contact@atlasdesparisiens.fr\">contact@atlasdesparisiens.fr<\/a><\/p>\n","protected":false},"excerpt":{"rendered":"<p>6 mai 2024, apr\u00e8s de longues ann\u00e9es de travaux, et juste \u00e0 temps pour les Jeux Olympiques de Paris 2024, le RER E s&rsquo;offre 3 nouvelles stations en direction de&hellip; <\/p>\n","protected":false},"author":1,"featured_media":253,"comment_status":"closed","ping_status":"closed","sticky":false,"template":"","format":"standard","meta":{"footnotes":""},"categories":[12],"tags":[23,22,18],"class_list":["post-254","post","type-post","status-publish","format-standard","has-post-thumbnail","hentry","category-les-ancetres-du-rer","tag-ligne-e","tag-prolongation","tag-rer"],"_links":{"self":[{"href":"https:\/\/atlasdesparisiens.fr\/index.php\/wp-json\/wp\/v2\/posts\/254","targetHints":{"allow":["GET"]}}],"collection":[{"href":"https:\/\/atlasdesparisiens.fr\/index.php\/wp-json\/wp\/v2\/posts"}],"about":[{"href":"https:\/\/atlasdesparisiens.fr\/index.php\/wp-json\/wp\/v2\/types\/post"}],"author":[{"embeddable":true,"href":"https:\/\/atlasdesparisiens.fr\/index.php\/wp-json\/wp\/v2\/users\/1"}],"replies":[{"embeddable":true,"href":"https:\/\/atlasdesparisiens.fr\/index.php\/wp-json\/wp\/v2\/comments?post=254"}],"version-history":[{"count":3,"href":"https:\/\/atlasdesparisiens.fr\/index.php\/wp-json\/wp\/v2\/posts\/254\/revisions"}],"predecessor-version":[{"id":739,"href":"https:\/\/atlasdesparisiens.fr\/index.php\/wp-json\/wp\/v2\/posts\/254\/revisions\/739"}],"wp:featuredmedia":[{"embeddable":true,"href":"https:\/\/atlasdesparisiens.fr\/index.php\/wp-json\/wp\/v2\/media\/253"}],"wp:attachment":[{"href":"https:\/\/atlasdesparisiens.fr\/index.php\/wp-json\/wp\/v2\/media?parent=254"}],"wp:term":[{"taxonomy":"category","embeddable":true,"href":"https:\/\/atlasdesparisiens.fr\/index.php\/wp-json\/wp\/v2\/categories?post=254"},{"taxonomy":"post_tag","embeddable":true,"href":"https:\/\/atlasdesparisiens.fr\/index.php\/wp-json\/wp\/v2\/tags?post=254"}],"curies":[{"name":"wp","href":"https:\/\/api.w.org\/{rel}","templated":true}]}}